{"id":8,"date":"2021-01-04T15:56:47","date_gmt":"2021-01-04T14:56:47","guid":{"rendered":"http:\/\/www.oratoriogasparebertoni.org\/2021\/?p=8"},"modified":"2022-01-04T09:27:36","modified_gmt":"2022-01-04T08:27:36","slug":"buon-natale","status":"publish","type":"post","link":"https:\/\/www.oratoriogasparebertoni.org\/2021\/comunita\/buon-natale\/","title":{"rendered":"Buon Natale!"},"content":{"rendered":"\n<p class=\"has-drop-cap\">Dio \u00e8 ripartito da Betlemme, dopo un lungo viaggio. E tutti noi in viaggio per vederlo, incontrarlo\u2026\u00a0Stiamo tutti pregando perch\u00e9 finisca questa pandemia, non c\u2019\u00e8 famiglia che non sia stata visitata, non c\u2019\u00e8 comunit\u00e0 che non sia stata contagiata.\u00a0Qualche volta vorremmo non pensare a questo, ma solo alle cose belle, quelle che abbiamo sempre sognato a Natale.\u00a0<br>Quest\u2019anno non \u00e8 cos\u00ec. Ma pu\u00f2 essere un Natale ancora pi\u00f9 vero, un Natale che ci aiuta a riscoprire le cose vere ed essenziali della vita. Perch\u00e9 Ges\u00f9 in questo Natale cerca posto, bussa, ci vuole tutti a Betlemme davanti a lui per capire che anche questo \u00e8 tempo di salvezza, che forse riusciamo finalmente come uomini e donne a rimettere le cose al giusto posto, a lasciar perdere per una volta i regali, le vacanze, i cenoni.\u00a0Perch\u00e9 lui ci chiede un po\u2019 di tempo, di compagnia, ha qualcosa da dirci. Dio ritorna perch\u00e9 abbiamo bisogno della sua presenza.<br>Auguri a tutti perch\u00e9 la pace e la gioia inondi la vostra casa, buon Natale!<br><em>P Lidio e la Comunit\u00e0 di santa Croce<\/em><\/p>\n\n\n\n<div class=\"wp-block-image\"><figure class=\"aligncenter size-large\"><img decoding=\"async\" width=\"400\" height=\"471\" data-src=\"http:\/\/www.oratoriogasparebertoni.org\/2021\/wp-content\/uploads\/2021\/01\/202012_AuguriComunita.jpg\" alt=\"\" class=\"wp-image-9 lazyload\" data-srcset=\"https:\/\/www.oratoriogasparebertoni.org\/2021\/wp-content\/uploads\/2021\/01\/202012_AuguriComunita.jpg 400w, https:\/\/www.oratoriogasparebertoni.org\/2021\/wp-content\/uploads\/2021\/01\/202012_AuguriComunita-255x300.jpg 255w\" data-sizes=\"(max-width: 400px) 100vw, 400px\" src=\"data:image\/svg+xml;base64,PHN2ZyB3aWR0aD0iMSIgaGVpZ2h0PSIxIiB4bWxucz0iaHR0cDovL3d3dy53My5vcmcvMjAwMC9zdmciPjwvc3ZnPg==\" style=\"--smush-placeholder-width: 400px; --smush-placeholder-aspect-ratio: 400\/471;\" \/><\/figure><\/div>\n","protected":false},"excerpt":{"rendered":"<p>Dio \u00e8 ripartito da Betlemme, dopo un lungo viaggio. E tutti noi in viaggio per vederlo, incontrarlo\u2026\u00a0Stiamo tutti pregando perch\u00e9 finisca questa pandemia, non c\u2019\u00e8 famiglia che non sia stata <a href=\"https:\/\/www.oratoriogasparebertoni.org\/2021\/comunita\/buon-natale\/\" class=\"more-link\">[&hellip;]<\/a><\/p>\n","protected":false},"author":1,"featured_media":0,"comment_status":"closed","ping_status":"closed","sticky":false,"template":"","format":"standard","meta":{"Layout":"","footnotes":""},"categories":[2],"tags":[57],"class_list":["entry","author-admin","post-8","post","type-post","status-publish","format-standard","category-comunita","tag-natale"],"rttpg_featured_image_url":null,"rttpg_author":{"display_name":"Matteo","author_link":"https:\/\/www.oratoriogasparebertoni.org\/2021\/author\/admin\/"},"rttpg_comment":0,"rttpg_category":"<a href=\"https:\/\/www.oratoriogasparebertoni.org\/2021\/category\/comunita\/\" rel=\"category tag\">Comunit\u00e0<\/a>","rttpg_excerpt":"Dio \u00e8 ripartito da Betlemme, dopo un lungo viaggio. E tutti noi in viaggio per vederlo, incontrarlo\u2026\u00a0Stiamo tutti pregando perch\u00e9 finisca questa pandemia, non c\u2019\u00e8 famiglia che non sia stata [&hellip;]","_links":{"self":[{"href":"https:\/\/www.oratoriogasparebertoni.org\/2021\/wp-json\/wp\/v2\/posts\/8","targetHints":{"allow":["GET"]}}],"collection":[{"href":"https:\/\/www.oratoriogasparebertoni.org\/2021\/wp-json\/wp\/v2\/posts"}],"about":[{"href":"https:\/\/www.oratoriogasparebertoni.org\/2021\/wp-json\/wp\/v2\/types\/post"}],"author":[{"embeddable":true,"href":"https:\/\/www.oratoriogasparebertoni.org\/2021\/wp-json\/wp\/v2\/users\/1"}],"replies":[{"embeddable":true,"href":"https:\/\/www.oratoriogasparebertoni.org\/2021\/wp-json\/wp\/v2\/comments?post=8"}],"version-history":[{"count":3,"href":"https:\/\/www.oratoriogasparebertoni.org\/2021\/wp-json\/wp\/v2\/posts\/8\/revisions"}],"predecessor-version":[{"id":171,"href":"https:\/\/www.oratoriogasparebertoni.org\/2021\/wp-json\/wp\/v2\/posts\/8\/revisions\/171"}],"wp:attachment":[{"href":"https:\/\/www.oratoriogasparebertoni.org\/2021\/wp-json\/wp\/v2\/media?parent=8"}],"wp:term":[{"taxonomy":"category","embeddable":true,"href":"https:\/\/www.oratoriogasparebertoni.org\/2021\/wp-json\/wp\/v2\/categories?post=8"},{"taxonomy":"post_tag","embeddable":true,"href":"https:\/\/www.oratoriogasparebertoni.org\/2021\/wp-json\/wp\/v2\/tags?post=8"}],"curies":[{"name":"wp","href":"https:\/\/api.w.org\/{rel}","templated":true}]}}